{"id":563,"date":"2026-01-22T15:01:00","date_gmt":"2026-01-22T14:01:00","guid":{"rendered":"https:\/\/mobilityfreedom.it\/?p=563"},"modified":"2026-01-28T17:42:04","modified_gmt":"2026-01-28T16:42:04","slug":"centralina-volante-comandi-ausliari","status":"publish","type":"post","link":"https:\/\/mobilityfreedom.it\/index.php\/2026\/01\/22\/centralina-volante-comandi-ausliari\/","title":{"rendered":"Centralina al Volante per Comandi Ausiliari"},"content":{"rendered":"\t\t<div data-elementor-type=\"wp-post\" data-elementor-id=\"563\" class=\"elementor elementor-563\">\n\t\t\t\t<div class=\"elementor-element elementor-element-be0e7ec e-flex e-con-boxed wpr-particle-no wpr-jarallax-no wpr-parallax-no wpr-sticky-section-no wpr-equal-height-no e-con e-parent\" data-id=\"be0e7ec\" data-element_type=\"container\" data-e-type=\"container\">\n\t\t\t\t\t<div class=\"e-con-inner\">\n\t\t\t\t<div class=\"elementor-element elementor-element-22191b9 elementor-widget elementor-widget-heading\" data-id=\"22191b9\" data-element_type=\"widget\" data-e-type=\"widget\" data-widget_type=\"heading.default\">\n\t\t\t\t<div class=\"elementor-widget-container\">\n\t\t\t\t\t<h2 class=\"elementor-heading-title elementor-size-default\">CENTRALINA AL VOLANTE PER COMANDI AUSILIARI<\/h2>\t\t\t\t<\/div>\n\t\t\t\t<\/div>\n\t\t\t\t<div class=\"elementor-element elementor-element-b5abf75 elementor-hidden-desktop elementor-hidden-tablet elementor-hidden-mobile elementor-widget elementor-widget-html\" data-id=\"b5abf75\" data-element_type=\"widget\" data-e-type=\"widget\" data-widget_type=\"html.default\">\n\t\t\t\t<div class=\"elementor-widget-container\">\n\t\t\t\t\t<a href=\"https:\/\/jp.kivi.it\/wp-content\/uploads\/2022\/04\/01AB-K4-K5-K6-EASY-FIT-kivi-dealer-JP.pdf\" alt=\"\" ><i class=\"fa fa-download\" style=\"padding-right:.5em; color: black;\"><\/i><span style=\"color: black; font-weight: bold;\">Scheda tecnica<\/span><\/a>\t\t\t\t<\/div>\n\t\t\t\t<\/div>\n\t\t\t\t<div class=\"elementor-element elementor-element-bb6ff32 elementor-widget elementor-widget-shortcode\" data-id=\"bb6ff32\" data-element_type=\"widget\" data-e-type=\"widget\" data-widget_type=\"shortcode.default\">\n\t\t\t\t<div class=\"elementor-widget-container\">\n\t\t\t\t\t\t\t<div class=\"elementor-shortcode\"><\/div>\n\t\t\t\t\t\t<\/div>\n\t\t\t\t<\/div>\n\t\t\t\t\t<\/div>\n\t\t\t\t<\/div>\n\t\t<div class=\"elementor-element elementor-element-56f39e1 e-flex e-con-boxed wpr-particle-no wpr-jarallax-no wpr-parallax-no wpr-sticky-section-no wpr-equal-height-no e-con e-parent\" data-id=\"56f39e1\" data-element_type=\"container\" data-e-type=\"container\">\n\t\t\t\t\t<div class=\"e-con-inner\">\n\t\t\t\t<div class=\"elementor-element elementor-element-6a0dbcb elementor-widget elementor-widget-heading\" data-id=\"6a0dbcb\" data-element_type=\"widget\" data-e-type=\"widget\" data-widget_type=\"heading.default\">\n\t\t\t\t<div class=\"elementor-widget-container\">\n\t\t\t\t\t<h2 class=\"elementor-heading-title elementor-size-default\">Modello PV1009<\/h2>\t\t\t\t<\/div>\n\t\t\t\t<\/div>\n\t\t\t\t<div class=\"elementor-element elementor-element-2312799 elementor-widget elementor-widget-text-editor\" data-id=\"2312799\" data-element_type=\"widget\" data-e-type=\"widget\" data-widget_type=\"text-editor.default\">\n\t\t\t\t<div class=\"elementor-widget-container\">\n\t\t\t\t\t\t\t\t\t<p style=\"font-size: 24px;\">La centralina PV1009 raggruppa i comandi di servizio su una postazione unica sul volante, ideale per conducenti con disabilit\u00e0 a un arto superiore. Installabile su vetture con cambio automatico, \u00e8 posizionabile a destra o a sinistra del volante.<\/p>\n<p style=\"font-size: 24px;\"><b>Caratteristiche principali<\/b><\/p>\n<p style=\"font-size: 24px;\">La PV1009 \u00e8 dotata di una pulsantiera ergonomica per manovrare il volante e i comandi di:<\/p>\n<p style=\"font-size: 24px; margin-bottom: 0.5rem; padding-left: 80px;\">\u2022 indicatori di direzione<\/p>\n<p style=\"font-size: 24px; margin-bottom: 0.5rem; padding-left: 80px;\">\u2022 luci di emergenza<\/p>\n<p style=\"font-size: 24px; margin-bottom: 0.5rem; padding-left: 80px;\">\u2022 tergicristalli anteriori e posteriori<\/p>\n<p style=\"font-size: 24px; margin-bottom: 0.5rem; padding-left: 80px;\">\u2022 lavavetro anteriore<\/p>\n<p style=\"font-size: 24px; margin-bottom: 0.5rem; padding-left: 80px;\">\u2022 luci di posizione, luci anabbaglianti e abbaglianti<\/p>\n<p style=\"font-size: 24px; margin-bottom: 0.5rem; padding-left: 80px;\">\u2022 lampeggio<\/p>\n<p style=\"font-size: 24px; padding-left: 80px;\">\u2022 avvisatore acustico<\/p>\n<p style=\"font-size: 24px;\">Dispone di un tasto per attivare\/disattivare la retroilluminazione dei tasti e un tasto opzionale per gestire un ulteriore comando di servizio (es retronebbia o lavavetro posteriore).<\/p>\n<p style=\"font-size: 24px;\">Alimentata da batterie mini-stilo AAA, facilmente sostituibili.<\/p>\t\t\t\t\t\t\t\t<\/div>\n\t\t\t\t<\/div>\n\t\t\t\t<div class=\"elementor-element elementor-element-205f519 elementor-widget elementor-widget-heading\" data-id=\"205f519\" data-element_type=\"widget\" data-e-type=\"widget\" data-widget_type=\"heading.default\">\n\t\t\t\t<div class=\"elementor-widget-container\">\n\t\t\t\t\t<h2 class=\"elementor-heading-title elementor-size-default\">Modello PV3000<\/h2>\t\t\t\t<\/div>\n\t\t\t\t<\/div>\n\t\t\t\t<div class=\"elementor-element elementor-element-1175c46 elementor-widget elementor-widget-text-editor\" data-id=\"1175c46\" data-element_type=\"widget\" data-e-type=\"widget\" data-widget_type=\"text-editor.default\">\n\t\t\t\t<div class=\"elementor-widget-container\">\n\t\t\t\t\t\t\t\t\t<p style=\"font-size: 24px;\">La centralina PV3000 raggruppa i comandi di servizio in un\u2019unica postazione sul volante, ideale per conducenti con disabilit\u00e0 a un arto superiore. Adatta per vetture con cambio automatico, \u00e8 installabile a destra o sinistra del volante.<\/p>\n<p style=\"font-size: 24px;\"><b>Caratteristiche principali<\/b><\/p>\n<p style=\"color: font-size: 24px;\"><span style=\"font-size: 24px;\">Include un&#8217;impugnatura a pomello e una pulsantiera per gestire:<\/span><\/p>\n<p style=\"font-size: 24px; margin-bottom: 0.5rem; padding-left: 80px;\">\u2022 indicatori di direzione<\/p>\n<p style=\"font-size: 24px; margin-bottom: 0.5rem; padding-left: 80px;\">\u2022 luci di emergenza<\/p>\n<p style=\"font-size: 24px; margin-bottom: 0.5rem; padding-left: 80px;\">\u2022 tergicristalli anteriori<\/p>\n<p style=\"font-size: 24px; margin-bottom: 0.5rem; padding-left: 80px;\">\u2022 lavavetro anteriore<\/p>\n<p style=\"font-size: 24px; margin-bottom: 0.5rem; padding-left: 80px;\">\u2022 luci di posizione e anabbaglianti, luci abbaglianti<\/p>\n<p style=\"font-size: 24px; margin-bottom: 0.5rem; padding-left: 80px;\">\u2022 lampeggio<\/p>\n<p style=\"font-size: 24px; padding-left: 80px;\">\u2022 avvisatore acustico<\/p>\n<p style=\"font-size: 24px;\">Dispone di un tasto opzionale per attivare\/disattivare la retroilluminazione e gestire un ulteriore comando di servizio (es retronebbia o lavavetro posteriore).<\/p>\n<p style=\"font-size: 24px; margin-bottom: 1rem;\"><b>Certificazioni e garanzia<\/b><\/p><p style=\"font-size: 24px;\">Dispositivo conforme alle norme CE e garantito 3 anni.<\/p>\t\t\t\t\t\t\t\t<\/div>\n\t\t\t\t<\/div>\n\t\t\t\t\t<\/div>\n\t\t\t\t<\/div>\n\t\t\t\t<\/div>\n\t\t","protected":false},"excerpt":{"rendered":"<p>CENTRALINA AL VOLANTE PER COMANDI AUSILIARI Scheda tecnica Modello PV1009 La centralina PV1009 raggruppa i comandi di servizio su una postazione unica sul volante, ideale per conducenti con disabilit\u00e0 a un arto superiore. Installabile su vetture con cambio automatico, \u00e8 posizionabile a destra o a sinistra del volante. Caratteristiche principali La PV1009 \u00e8 dotata di una pulsantiera ergonomica per manovrare il volante e i comandi di: \u2022 indicatori di direzione \u2022 luci di emergenza \u2022 tergicristalli anteriori e posteriori \u2022 lavavetro anteriore \u2022 luci di posizione, luci anabbaglianti e abbaglianti \u2022 lampeggio \u2022 avvisatore acustico Dispone di un tasto per attivare\/disattivare la retroilluminazione dei tasti e un tasto opzionale per gestire un ulteriore comando di servizio (es retronebbia o lavavetro posteriore). Alimentata da batterie mini-stilo AAA, facilmente sostituibili. Modello PV3000 La centralina PV3000 raggruppa i comandi di servizio in un\u2019unica postazione sul volante, ideale per conducenti con disabilit\u00e0 a un arto superiore. Adatta per vetture con cambio automatico, \u00e8 installabile a destra o sinistra del volante. Caratteristiche principali Include un&#8217;impugnatura a pomello e una pulsantiera per gestire: \u2022 indicatori di direzione \u2022 luci di emergenza \u2022 tergicristalli anteriori \u2022 lavavetro anteriore \u2022 luci di posizione e anabbaglianti, luci abbaglianti \u2022 lampeggio \u2022 avvisatore acustico Dispone di un tasto opzionale per attivare\/disattivare la retroilluminazione e gestire un ulteriore comando di servizio (es retronebbia o lavavetro posteriore). Certificazioni e garanzia Dispositivo conforme alle norme CE e garantito 3 anni.<\/p>\n","protected":false},"author":3,"featured_media":1074,"comment_status":"closed","ping_status":"closed","sticky":false,"template":"elementor_header_footer","format":"standard","meta":{"neve_meta_sidebar":"","neve_meta_container":"","neve_meta_enable_content_width":"","neve_meta_content_width":0,"neve_meta_title_alignment":"","neve_meta_author_avatar":"","neve_post_elements_order":"","neve_meta_disable_header":"","neve_meta_disable_footer":"","neve_meta_disable_title":"","footnotes":""},"categories":[10],"tags":[],"class_list":["post-563","post","type-post","status-publish","format-standard","has-post-thumbnail","hentry","category-dispositivi-di-guida"],"rttpg_featured_image_url":{"full":["https:\/\/mobilityfreedom.it\/wp-content\/uploads\/2024\/11\/20240923_085344-scaled.jpg",2560,1152,false],"landscape":["https:\/\/mobilityfreedom.it\/wp-content\/uploads\/2024\/11\/20240923_085344-scaled.jpg",2560,1152,false],"portraits":["https:\/\/mobilityfreedom.it\/wp-content\/uploads\/2024\/11\/20240923_085344-scaled.jpg",2560,1152,false],"thumbnail":["https:\/\/mobilityfreedom.it\/wp-content\/uploads\/2024\/11\/20240923_085344-150x150.jpg",150,150,true],"medium":["https:\/\/mobilityfreedom.it\/wp-content\/uploads\/2024\/11\/20240923_085344-300x135.jpg",300,135,true],"large":["https:\/\/mobilityfreedom.it\/wp-content\/uploads\/2024\/11\/20240923_085344-1024x461.jpg",1024,461,true],"1536x1536":["https:\/\/mobilityfreedom.it\/wp-content\/uploads\/2024\/11\/20240923_085344-1536x691.jpg",1536,691,true],"2048x2048":["https:\/\/mobilityfreedom.it\/wp-content\/uploads\/2024\/11\/20240923_085344-2048x922.jpg",2048,922,true],"htmega_size_585x295":["https:\/\/mobilityfreedom.it\/wp-content\/uploads\/2024\/11\/20240923_085344-585x295.jpg",585,295,true],"htmega_size_1170x536":["https:\/\/mobilityfreedom.it\/wp-content\/uploads\/2024\/11\/20240923_085344-1170x536.jpg",1170,536,true],"htmega_size_396x360":["https:\/\/mobilityfreedom.it\/wp-content\/uploads\/2024\/11\/20240923_085344-396x360.jpg",396,360,true],"neve-blog":["https:\/\/mobilityfreedom.it\/wp-content\/uploads\/2024\/11\/20240923_085344-930x620.jpg",930,620,true]},"rttpg_author":{"display_name":"Kivi Mobility Freedom","author_link":"https:\/\/mobilityfreedom.it\/index.php\/author\/federica\/"},"rttpg_comment":0,"rttpg_category":"<a href=\"https:\/\/mobilityfreedom.it\/index.php\/category\/dispositivi-di-guida\/\" rel=\"category tag\">Dispositivi di guida<\/a>","rttpg_excerpt":"CENTRALINA AL VOLANTE PER COMANDI AUSILIARI Scheda tecnica Modello PV1009 La centralina PV1009 raggruppa i comandi di servizio su una postazione unica sul volante, ideale per conducenti con disabilit\u00e0 a un arto superiore. Installabile su vetture con cambio automatico, \u00e8 posizionabile a destra o a sinistra del volante. Caratteristiche principali La PV1009 \u00e8 dotata di&hellip;","_links":{"self":[{"href":"https:\/\/mobilityfreedom.it\/index.php\/wp-json\/wp\/v2\/posts\/563","targetHints":{"allow":["GET"]}}],"collection":[{"href":"https:\/\/mobilityfreedom.it\/index.php\/wp-json\/wp\/v2\/posts"}],"about":[{"href":"https:\/\/mobilityfreedom.it\/index.php\/wp-json\/wp\/v2\/types\/post"}],"author":[{"embeddable":true,"href":"https:\/\/mobilityfreedom.it\/index.php\/wp-json\/wp\/v2\/users\/3"}],"replies":[{"embeddable":true,"href":"https:\/\/mobilityfreedom.it\/index.php\/wp-json\/wp\/v2\/comments?post=563"}],"version-history":[{"count":59,"href":"https:\/\/mobilityfreedom.it\/index.php\/wp-json\/wp\/v2\/posts\/563\/revisions"}],"predecessor-version":[{"id":5184,"href":"https:\/\/mobilityfreedom.it\/index.php\/wp-json\/wp\/v2\/posts\/563\/revisions\/5184"}],"wp:featuredmedia":[{"embeddable":true,"href":"https:\/\/mobilityfreedom.it\/index.php\/wp-json\/wp\/v2\/media\/1074"}],"wp:attachment":[{"href":"https:\/\/mobilityfreedom.it\/index.php\/wp-json\/wp\/v2\/media?parent=563"}],"wp:term":[{"taxonomy":"category","embeddable":true,"href":"https:\/\/mobilityfreedom.it\/index.php\/wp-json\/wp\/v2\/categories?post=563"},{"taxonomy":"post_tag","embeddable":true,"href":"https:\/\/mobilityfreedom.it\/index.php\/wp-json\/wp\/v2\/tags?post=563"}],"curies":[{"name":"wp","href":"https:\/\/api.w.org\/{rel}","templated":true}]}}