{"id":477,"date":"2026-01-22T14:53:01","date_gmt":"2026-01-22T13:53:01","guid":{"rendered":"https:\/\/mobilityfreedom.it\/?p=477"},"modified":"2026-01-28T17:40:17","modified_gmt":"2026-01-28T16:40:17","slug":"leva-freno-lf12","status":"publish","type":"post","link":"https:\/\/mobilityfreedom.it\/index.php\/2026\/01\/22\/leva-freno-lf12\/","title":{"rendered":"Leva Freno ORIZZONTALE"},"content":{"rendered":"\t\t<div data-elementor-type=\"wp-post\" data-elementor-id=\"477\" class=\"elementor elementor-477\">\n\t\t\t\t<div class=\"elementor-element elementor-element-be0e7ec e-flex e-con-boxed wpr-particle-no wpr-jarallax-no wpr-parallax-no wpr-sticky-section-no wpr-equal-height-no e-con e-parent\" data-id=\"be0e7ec\" data-element_type=\"container\" data-e-type=\"container\">\n\t\t\t\t\t<div class=\"e-con-inner\">\n\t\t\t\t<div class=\"elementor-element elementor-element-22191b9 elementor-widget elementor-widget-heading\" data-id=\"22191b9\" data-element_type=\"widget\" data-e-type=\"widget\" data-widget_type=\"heading.default\">\n\t\t\t\t<div class=\"elementor-widget-container\">\n\t\t\t\t\t<h2 class=\"elementor-heading-title elementor-size-default\">LEVA FRENO ORIZZONTALE<\/h2>\t\t\t\t<\/div>\n\t\t\t\t<\/div>\n\t\t\t\t<div class=\"elementor-element elementor-element-b5abf75 elementor-hidden-desktop elementor-hidden-tablet elementor-hidden-mobile elementor-widget elementor-widget-html\" data-id=\"b5abf75\" data-element_type=\"widget\" data-e-type=\"widget\" data-widget_type=\"html.default\">\n\t\t\t\t<div class=\"elementor-widget-container\">\n\t\t\t\t\t<a href=\"https:\/\/jp.kivi.it\/wp-content\/uploads\/2022\/04\/01AB-K4-K5-K6-EASY-FIT-kivi-dealer-JP.pdf\" alt=\"\" ><i class=\"fa fa-download\" style=\"padding-right:.5em; color: black;\"><\/i><span style=\"color: black; font-weight: bold;\">Scheda tecnica<\/span><\/a>\t\t\t\t<\/div>\n\t\t\t\t<\/div>\n\t\t\t\t<div class=\"elementor-element elementor-element-bb6ff32 elementor-widget elementor-widget-shortcode\" data-id=\"bb6ff32\" data-element_type=\"widget\" data-e-type=\"widget\" data-widget_type=\"shortcode.default\">\n\t\t\t\t<div class=\"elementor-widget-container\">\n\t\t\t\t\t\t\t<div class=\"elementor-shortcode\"><\/div>\n\t\t\t\t\t\t<\/div>\n\t\t\t\t<\/div>\n\t\t\t\t\t<\/div>\n\t\t\t\t<\/div>\n\t\t<div class=\"elementor-element elementor-element-56f39e1 e-flex e-con-boxed wpr-particle-no wpr-jarallax-no wpr-parallax-no wpr-sticky-section-no wpr-equal-height-no e-con e-parent\" data-id=\"56f39e1\" data-element_type=\"container\" data-e-type=\"container\">\n\t\t\t\t\t<div class=\"e-con-inner\">\n\t\t\t\t<div class=\"elementor-element elementor-element-2312799 elementor-widget elementor-widget-text-editor\" data-id=\"2312799\" data-element_type=\"widget\" data-e-type=\"widget\" data-widget_type=\"text-editor.default\">\n\t\t\t\t<div class=\"elementor-widget-container\">\n\t\t\t\t\t\t\t\t\t<p style=\"font-size: 24px;\"><span style=\"font-weight: 400;\">La leva freno <\/span><b>orizzontale<\/b>\u00a0trasferisce al volante il comando a pedale del freno, rendendolo azionabile manualmente. Ideale per veicoli con cambio automatico, cambio sequenziale al volante o frizione automatica, \u00e8 perfetta per conducenti con disabilit\u00e0 agli arti inferiori.<\/p>\n<p style=\"font-size: 24px; margin-bottom: 1rem;\"><b>Installazione e posizionamento<\/b><\/p>\n<p style=\"font-weight: 400; font-size: 24px;\">La leva freno orizzontale pu\u00f2 essere installata a destra o a sinistra del volante, secondo le esigenze del conducente. Il freno si aziona spingendo la leva in avanti, verso il cruscotto.<\/p>\n<p style=\"font-size: 24px; margin-bottom: 1rem;\"><b>Impugnatura e funzioni<\/b><\/p>\n<p style=\"font-weight: 400; font-size: 24px;\">L\u2019impugnatura \u00e8 costituita da un pomello ergonomico con tre pulsanti integrati per:<\/p>\n\n<ul>\n \t<li style=\"list-style-type: none;\">\n<ul>\n \t<li style=\"list-style-type: none;\">\n<ul>\n \t<li style=\"list-style-type: none;\">\n<ul>\n \t<li style=\"font-weight: 400; margin-bottom: -1.6rem;\" aria-level=\"1\">\n<p style=\"font-size: 24px;\"><b>Clacson<\/b><\/p>\n<\/li>\n \t<li style=\"margin-bottom: -1.6rem;\" aria-level=\"1\">\n<p style=\"font-size: 24px;\"><b>Blocco freno<\/b><b style=\"font-weight: 400;\">: <\/b>inseribile premendo sulla leva e il relativo pulsante, disinseribile premendo nuovamente sulla leva.<\/p>\n<\/li>\n \t<li style=\"font-weight: 400;\" aria-level=\"1\">\n<p style=\"font-size: 24px;\"><b>Funzione economizzatore:\u00a0<\/b>riduce la potenza del veicolo, utile per neo-patentati, manovre di parcheggio o guida nel traffico, riducendo anche i consumi di carburante (funziona solo con acceleratore elettronico KMF).<\/p>\n<\/li>\n<\/ul>\n<\/li>\n<\/ul>\n<\/li>\n<\/ul>\n<\/li>\n<\/ul>\n<p style=\"font-size: 24px; margin-bottom: 1rem;\"><b>Certificazioni e garanzia<\/b><\/p>\n<p style=\"font-size: 24px;\"><span style=\"font-size: 24px;\">Dispositivo conforme alle norme CE e garantito 3 anni.<\/span><\/p>\t\t\t\t\t\t\t\t<\/div>\n\t\t\t\t<\/div>\n\t\t\t\t\t<\/div>\n\t\t\t\t<\/div>\n\t\t\t\t<\/div>\n\t\t","protected":false},"excerpt":{"rendered":"<p>LEVA FRENO ORIZZONTALE Scheda tecnica La leva freno orizzontale\u00a0trasferisce al volante il comando a pedale del freno, rendendolo azionabile manualmente. Ideale per veicoli con cambio automatico, cambio sequenziale al volante o frizione automatica, \u00e8 perfetta per conducenti con disabilit\u00e0 agli arti inferiori. Installazione e posizionamento La leva freno orizzontale pu\u00f2 essere installata a destra o a sinistra del volante, secondo le esigenze del conducente. Il freno si aziona spingendo la leva in avanti, verso il cruscotto. Impugnatura e funzioni L\u2019impugnatura \u00e8 costituita da un pomello ergonomico con tre pulsanti integrati per: Clacson Blocco freno: inseribile premendo sulla leva e il relativo pulsante, disinseribile premendo nuovamente sulla leva. Funzione economizzatore:\u00a0riduce la potenza del veicolo, utile per neo-patentati, manovre di parcheggio o guida nel traffico, riducendo anche i consumi di carburante (funziona solo con acceleratore elettronico KMF). Certificazioni e garanzia Dispositivo conforme alle norme CE e garantito 3 anni.<\/p>\n","protected":false},"author":3,"featured_media":932,"comment_status":"closed","ping_status":"closed","sticky":false,"template":"elementor_header_footer","format":"standard","meta":{"neve_meta_sidebar":"","neve_meta_container":"","neve_meta_enable_content_width":"","neve_meta_content_width":0,"neve_meta_title_alignment":"","neve_meta_author_avatar":"","neve_post_elements_order":"","neve_meta_disable_header":"","neve_meta_disable_footer":"","neve_meta_disable_title":"","footnotes":""},"categories":[10],"tags":[],"class_list":["post-477","post","type-post","status-publish","format-standard","has-post-thumbnail","hentry","category-dispositivi-di-guida"],"rttpg_featured_image_url":{"full":["https:\/\/mobilityfreedom.it\/wp-content\/uploads\/2024\/11\/DACIA-Sandero-III-da-2021-B917-KS-W-RLF12-7.jpg",2048,1536,false],"landscape":["https:\/\/mobilityfreedom.it\/wp-content\/uploads\/2024\/11\/DACIA-Sandero-III-da-2021-B917-KS-W-RLF12-7.jpg",2048,1536,false],"portraits":["https:\/\/mobilityfreedom.it\/wp-content\/uploads\/2024\/11\/DACIA-Sandero-III-da-2021-B917-KS-W-RLF12-7.jpg",2048,1536,false],"thumbnail":["https:\/\/mobilityfreedom.it\/wp-content\/uploads\/2024\/11\/DACIA-Sandero-III-da-2021-B917-KS-W-RLF12-7-150x150.jpg",150,150,true],"medium":["https:\/\/mobilityfreedom.it\/wp-content\/uploads\/2024\/11\/DACIA-Sandero-III-da-2021-B917-KS-W-RLF12-7-300x225.jpg",300,225,true],"large":["https:\/\/mobilityfreedom.it\/wp-content\/uploads\/2024\/11\/DACIA-Sandero-III-da-2021-B917-KS-W-RLF12-7-1024x768.jpg",1024,768,true],"1536x1536":["https:\/\/mobilityfreedom.it\/wp-content\/uploads\/2024\/11\/DACIA-Sandero-III-da-2021-B917-KS-W-RLF12-7-1536x1152.jpg",1536,1152,true],"2048x2048":["https:\/\/mobilityfreedom.it\/wp-content\/uploads\/2024\/11\/DACIA-Sandero-III-da-2021-B917-KS-W-RLF12-7.jpg",2048,1536,false],"htmega_size_585x295":["https:\/\/mobilityfreedom.it\/wp-content\/uploads\/2024\/11\/DACIA-Sandero-III-da-2021-B917-KS-W-RLF12-7-585x295.jpg",585,295,true],"htmega_size_1170x536":["https:\/\/mobilityfreedom.it\/wp-content\/uploads\/2024\/11\/DACIA-Sandero-III-da-2021-B917-KS-W-RLF12-7-1170x536.jpg",1170,536,true],"htmega_size_396x360":["https:\/\/mobilityfreedom.it\/wp-content\/uploads\/2024\/11\/DACIA-Sandero-III-da-2021-B917-KS-W-RLF12-7-396x360.jpg",396,360,true],"neve-blog":["https:\/\/mobilityfreedom.it\/wp-content\/uploads\/2024\/11\/DACIA-Sandero-III-da-2021-B917-KS-W-RLF12-7-930x620.jpg",930,620,true]},"rttpg_author":{"display_name":"Kivi Mobility Freedom","author_link":"https:\/\/mobilityfreedom.it\/index.php\/author\/federica\/"},"rttpg_comment":0,"rttpg_category":"<a href=\"https:\/\/mobilityfreedom.it\/index.php\/category\/dispositivi-di-guida\/\" rel=\"category tag\">Dispositivi di guida<\/a>","rttpg_excerpt":"LEVA FRENO ORIZZONTALE Scheda tecnica La leva freno orizzontale\u00a0trasferisce al volante il comando a pedale del freno, rendendolo azionabile manualmente. Ideale per veicoli con cambio automatico, cambio sequenziale al volante o frizione automatica, \u00e8 perfetta per conducenti con disabilit\u00e0 agli arti inferiori. Installazione e posizionamento La leva freno orizzontale pu\u00f2 essere installata a destra o&hellip;","_links":{"self":[{"href":"https:\/\/mobilityfreedom.it\/index.php\/wp-json\/wp\/v2\/posts\/477","targetHints":{"allow":["GET"]}}],"collection":[{"href":"https:\/\/mobilityfreedom.it\/index.php\/wp-json\/wp\/v2\/posts"}],"about":[{"href":"https:\/\/mobilityfreedom.it\/index.php\/wp-json\/wp\/v2\/types\/post"}],"author":[{"embeddable":true,"href":"https:\/\/mobilityfreedom.it\/index.php\/wp-json\/wp\/v2\/users\/3"}],"replies":[{"embeddable":true,"href":"https:\/\/mobilityfreedom.it\/index.php\/wp-json\/wp\/v2\/comments?post=477"}],"version-history":[{"count":50,"href":"https:\/\/mobilityfreedom.it\/index.php\/wp-json\/wp\/v2\/posts\/477\/revisions"}],"predecessor-version":[{"id":5142,"href":"https:\/\/mobilityfreedom.it\/index.php\/wp-json\/wp\/v2\/posts\/477\/revisions\/5142"}],"wp:featuredmedia":[{"embeddable":true,"href":"https:\/\/mobilityfreedom.it\/index.php\/wp-json\/wp\/v2\/media\/932"}],"wp:attachment":[{"href":"https:\/\/mobilityfreedom.it\/index.php\/wp-json\/wp\/v2\/media?parent=477"}],"wp:term":[{"taxonomy":"category","embeddable":true,"href":"https:\/\/mobilityfreedom.it\/index.php\/wp-json\/wp\/v2\/categories?post=477"},{"taxonomy":"post_tag","embeddable":true,"href":"https:\/\/mobilityfreedom.it\/index.php\/wp-json\/wp\/v2\/tags?post=477"}],"curies":[{"name":"wp","href":"https:\/\/api.w.org\/{rel}","templated":true}]}}