{"id":1744,"date":"2026-01-22T14:57:52","date_gmt":"2026-01-22T13:57:52","guid":{"rendered":"https:\/\/mobilityfreedom.it\/?p=1744"},"modified":"2026-02-16T15:23:39","modified_gmt":"2026-02-16T14:23:39","slug":"renault-kmf-captur","status":"publish","type":"post","link":"https:\/\/mobilityfreedom.it\/index.php\/2026\/01\/22\/renault-kmf-captur\/","title":{"rendered":"Renault KMF Captur"},"content":{"rendered":"\t\t<div data-elementor-type=\"wp-post\" data-elementor-id=\"1744\" class=\"elementor elementor-1744\">\n\t\t\t\t<div class=\"elementor-element elementor-element-be0e7ec e-flex e-con-boxed wpr-particle-no wpr-jarallax-no wpr-parallax-no wpr-sticky-section-no wpr-equal-height-no e-con e-parent\" data-id=\"be0e7ec\" data-element_type=\"container\" data-e-type=\"container\">\n\t\t\t\t\t<div class=\"e-con-inner\">\n\t\t\t\t<div class=\"elementor-element elementor-element-22191b9 elementor-widget elementor-widget-heading\" data-id=\"22191b9\" data-element_type=\"widget\" data-e-type=\"widget\" data-widget_type=\"heading.default\">\n\t\t\t\t<div class=\"elementor-widget-container\">\n\t\t\t\t\t<h2 class=\"elementor-heading-title elementor-size-default\">Renault KMF Captur<\/h2>\t\t\t\t<\/div>\n\t\t\t\t<\/div>\n\t\t\t\t<div class=\"elementor-element elementor-element-b5abf75 elementor-widget elementor-widget-html\" data-id=\"b5abf75\" data-element_type=\"widget\" data-e-type=\"widget\" data-widget_type=\"html.default\">\n\t\t\t\t<div class=\"elementor-widget-container\">\n\t\t\t\t\t<a href=\"https:\/\/mobilityfreedom.it\/wp-content\/uploads\/2025\/04\/Catalogo-Kivi-Mobility-Freedom-Captur-2025_A4_V3.pdf\" alt=\"\" target=\"_blank\"><i class=\"fa fa-download\" style=\"padding-right:.5em; color: #;\"><\/i><span style=\"color: #; font-weight: bold; font-size:1.4em;\" >CATALOGO KMF-CAPTUR<\/span><\/a>\t\t\t\t<\/div>\n\t\t\t\t<\/div>\n\t\t\t\t<div class=\"elementor-element elementor-element-bb6ff32 elementor-widget elementor-widget-shortcode\" data-id=\"bb6ff32\" data-element_type=\"widget\" data-e-type=\"widget\" data-widget_type=\"shortcode.default\">\n\t\t\t\t<div class=\"elementor-widget-container\">\n\t\t\t\t\t\t\t<div class=\"elementor-shortcode\"><\/div>\n\t\t\t\t\t\t<\/div>\n\t\t\t\t<\/div>\n\t\t\t\t\t<\/div>\n\t\t\t\t<\/div>\n\t\t<div class=\"elementor-element elementor-element-2341197 e-con-full e-flex wpr-particle-no wpr-jarallax-no wpr-parallax-no wpr-sticky-section-no wpr-equal-height-no e-con e-parent\" data-id=\"2341197\" data-element_type=\"container\" data-e-type=\"container\">\n\t\t<div class=\"elementor-element elementor-element-a9fb177 e-con-full e-flex wpr-particle-no wpr-jarallax-no wpr-parallax-no wpr-sticky-section-no wpr-equal-height-no e-con e-child\" data-id=\"a9fb177\" data-element_type=\"container\" data-e-type=\"container\">\n\t\t\t\t<div class=\"elementor-element elementor-element-70260e2 elementor-widget elementor-widget-text-editor\" data-id=\"70260e2\" data-element_type=\"widget\" data-e-type=\"widget\" data-widget_type=\"text-editor.default\">\n\t\t\t\t<div class=\"elementor-widget-container\">\n\t\t\t\t\t\t\t\t\t<h2 style=\"font-size: 24px; color: #00535a;\">4 passeggeri, 2 carrozzine, 8 configurazioni in una sola vettura!<\/h2><p style=\"font-size: 24px;\"><strong>Renault Captur<\/strong>, un\u2019auto elegante e spaziosa, trasformata per garantire autonomia, sicurezza e libert\u00e0.<\/p><p style=\"font-size: 24px;\">La trasformazione \u00e8 un mix di creativit\u00e0 e tecnologia, di praticit\u00e0 e bellezza.<\/p>\t\t\t\t\t\t\t\t<\/div>\n\t\t\t\t<\/div>\n\t\t\t\t<\/div>\n\t\t<div class=\"elementor-element elementor-element-1e9172e e-con-full e-flex wpr-particle-no wpr-jarallax-no wpr-parallax-no wpr-sticky-section-no wpr-equal-height-no e-con e-child\" data-id=\"1e9172e\" data-element_type=\"container\" data-e-type=\"container\">\n\t\t\t\t<div class=\"elementor-element elementor-element-d02f4e5 elementor-widget elementor-widget-image\" data-id=\"d02f4e5\" data-element_type=\"widget\" data-e-type=\"widget\" data-widget_type=\"image.default\">\n\t\t\t\t<div class=\"elementor-widget-container\">\n\t\t\t\t\t\t\t\t\t\t\t\t\t\t\t<img fetchpriority=\"high\" decoding=\"async\" width=\"1024\" height=\"441\" src=\"https:\/\/mobilityfreedom.it\/wp-content\/uploads\/2025\/12\/immagine-inail-1024x441.png\" class=\"attachment-large size-large wp-image-4866\" alt=\"\" srcset=\"https:\/\/mobilityfreedom.it\/wp-content\/uploads\/2025\/12\/immagine-inail-1024x441.png 1024w, https:\/\/mobilityfreedom.it\/wp-content\/uploads\/2025\/12\/immagine-inail-300x129.png 300w, https:\/\/mobilityfreedom.it\/wp-content\/uploads\/2025\/12\/immagine-inail-768x331.png 768w, https:\/\/mobilityfreedom.it\/wp-content\/uploads\/2025\/12\/immagine-inail.png 1030w\" sizes=\"(max-width: 1024px) 100vw, 1024px\" \/>\t\t\t\t\t\t\t\t\t\t\t\t\t\t\t<\/div>\n\t\t\t\t<\/div>\n\t\t\t\t<div class=\"elementor-element elementor-element-bb378f6 elementor-align-center elementor-widget elementor-widget-button\" data-id=\"bb378f6\" data-element_type=\"widget\" data-e-type=\"widget\" data-widget_type=\"button.default\">\n\t\t\t\t<div class=\"elementor-widget-container\">\n\t\t\t\t\t\t\t\t\t<div class=\"elementor-button-wrapper\">\n\t\t\t\t\t<a class=\"elementor-button elementor-button-link elementor-size-sm\" href=\"https:\/\/mobilityfreedom.it\/index.php\/2026\/01\/15\/tornare-alla-guida-dopo-un-infortunio-come-ottenere-veicoli-adattati-a-costo-zero-con-linail\/\">\n\t\t\t\t\t\t<span class=\"elementor-button-content-wrapper\">\n\t\t\t\t\t\t\t\t\t<span class=\"elementor-button-text\">Scopri di pi\u00f9<\/span>\n\t\t\t\t\t<\/span>\n\t\t\t\t\t<\/a>\n\t\t\t\t<\/div>\n\t\t\t\t\t\t\t\t<\/div>\n\t\t\t\t<\/div>\n\t\t\t\t<\/div>\n\t\t\t\t<\/div>\n\t\t<div class=\"elementor-element elementor-element-e5ff25f e-con-full e-flex wpr-particle-no wpr-jarallax-no wpr-parallax-no wpr-sticky-section-no wpr-equal-height-no e-con e-parent\" data-id=\"e5ff25f\" data-element_type=\"container\" data-e-type=\"container\">\n\t\t\t\t<div class=\"elementor-element elementor-element-5f36416 elementor-widget elementor-widget-text-editor\" data-id=\"5f36416\" data-element_type=\"widget\" data-e-type=\"widget\" data-widget_type=\"text-editor.default\">\n\t\t\t\t<div class=\"elementor-widget-container\">\n\t\t\t\t\t\t\t\t\t<p><strong>Caratteristiche principali<\/strong><\/p><ul style=\"padding-left: 15px; list-style: outside none disc;\"><li style=\"list-style-type: none;\"><ul style=\"padding-left: 15px; list-style: outside none disc;\"><li style=\"list-style-type: none;\"><ul style=\"padding-left: 15px; list-style: outside none disc;\"><li style=\"list-style-type: none;\"><ul style=\"padding-left: 15px; list-style: outside none disc;\"><li><span style=\"font-size: 1.32rem; font-family: Calibri, sans-serif;\"><span style=\"font-size: 1.32rem; font-family: Calibri, sans-serif;\"><span style=\"font-size: 1.32rem; font-family: Calibri, sans-serif;\"><span style=\"font-size: 1.32rem; font-family: Calibri, sans-serif;\"><span style=\"font-size: 1.32rem; font-family: Calibri, sans-serif;\"><span style=\"font-weight: bolder; font-family: Calibri, Candara, Segoe, 'Segoe UI', Optima, Arial, sans-serif;\">Pianale ribassato:<\/span><span style=\"font-family: Calibri, Candara, Segoe, 'Segoe UI', Optima, Arial, sans-serif;\">\u00a0altezza interna di\u00a0<\/span><span style=\"font-weight: bolder; font-family: Calibri, Candara, Segoe, 'Segoe UI', Optima, Arial, sans-serif;\">142 cm<\/span><span style=\"font-family: Calibri, Candara, Segoe, 'Segoe UI', Optima, Arial, sans-serif;\">, accesso facilitato in carrozzina.<br \/><br \/><\/span><\/span><\/span><\/span><\/span><\/span><\/li><li><span style=\"font-size: 1.32rem; font-family: Calibri, sans-serif;\"><span style=\"font-size: 1.32rem; font-family: Calibri, sans-serif;\"><span style=\"font-size: 1.32rem; font-family: Calibri, sans-serif;\"><span style=\"font-size: 1.32rem; font-family: Calibri, sans-serif;\"><span style=\"font-size: 1.32rem; font-family: Calibri, sans-serif;\"><span style=\"font-family: Calibri, Candara, Segoe, 'Segoe UI', Optima, Arial, sans-serif;\"><span style=\"font-weight: bolder;\">Apertura automatica:<\/span>\u00a0portellone e rampa si aprono automaticamente con doppio click sulla chiave Renault originale. Le sospensioni si abbassano per agevolare l\u2019ingresso in vettura.<br \/><br \/><\/span><\/span><\/span><\/span><\/span><\/span><\/li><li><span style=\"font-weight: bolder; font-family: Calibri, Candara, Segoe, 'Segoe UI', Optima, Arial, sans-serif;\">Ancoraggio sicuro:<\/span><span style=\"font-family: Calibri, Candara, Segoe, 'Segoe UI', Optima, Arial, sans-serif;\"><span style=\"font-family: Calibri, Candara, Segoe, 'Segoe UI', Optima, Arial, sans-serif;\"><span style=\"font-family: Calibri, Candara, Segoe, 'Segoe UI', Optima, Arial, sans-serif;\"><span style=\"font-family: Calibri, Candara, Segoe, 'Segoe UI', Optima, Arial, sans-serif;\"><span style=\"font-family: Calibri, Candara, Segoe, 'Segoe UI', Optima, Arial, sans-serif;\">\u00a0piastre per fissare la carrozzina e agganciare\/rimuovere rapidamente i sedili originali.<br \/><br \/><\/span><\/span><\/span><\/span><\/span><\/li><li><span style=\"font-family: Calibri, Candara, Segoe, 'Segoe UI', Optima, Arial, sans-serif;\"><span style=\"font-family: Calibri, Candara, Segoe, 'Segoe UI', Optima, Arial, sans-serif;\"><span style=\"font-family: Calibri, Candara, Segoe, 'Segoe UI', Optima, Arial, sans-serif;\"><span style=\"font-family: Calibri, Candara, Segoe, 'Segoe UI', Optima, Arial, sans-serif;\"><span style=\"font-family: Calibri, Candara, Segoe, 'Segoe UI', Optima, Arial, sans-serif;\"><span style=\"font-weight: bolder;\">Sedili ribaltabili posteriori:<\/span>\u00a0permettono di ospitare 2 passeggeri o una carrozzina aggiuntiva.<br \/><br \/><\/span><\/span><\/span><\/span><\/span><\/li><li><span style=\"font-size: 1.32rem; font-family: Calibri, sans-serif;\"><span lang=\"it-IT\"><span style=\"font-weight: bold;\">Pannello touch screen<\/span><\/span><\/span><span style=\"font-size: 1.32rem; font-family: Calibri, sans-serif;\">\u00a0che permette all\u2019utilizzatore di\u00a0<\/span><span style=\"font-size: 1.32rem; font-family: Calibri, sans-serif;\">gestire il cambio automatico<\/span><span style=\"font-size: 1.32rem; font-family: Calibri, sans-serif;\">, l\u2019apertura e chiusura del portellone e della rampa, la salita e discesa delle sospensioni, lo sgancio delle piastre di ancoraggio ed eventualmente anche altre funzioni<\/span><span style=\"font-size: 1.32rem; font-family: Calibri, sans-serif;\"><span style=\"font-size: 1.32rem; font-family: Calibri, sans-serif;\"><span style=\"font-size: 1.32rem; font-family: Calibri, sans-serif;\"><span style=\"font-size: 1.32rem; font-family: Calibri, sans-serif;\"><span style=\"font-size: 1.32rem; font-family: Calibri, sans-serif;\">, come ad esempio il poggiatesta.<br \/><br \/><\/span><\/span><\/span><\/span><\/span><\/li><\/ul><\/li><li style=\"list-style-type: none;\"><ul style=\"padding-left: 15px; list-style: outside none disc;\"><li><span style=\"font-size: 1.32rem; font-family: Calibri, sans-serif;\"><span lang=\"it-IT\"><span style=\"font-weight: bold;\">Pulsantiera a cavo aggiuntiva<\/span><\/span><\/span><span style=\"font-size: 1.32rem; font-family: Calibri, sans-serif;\"><span style=\"font-size: 1.32rem; font-family: Calibri, sans-serif;\"><span style=\"font-size: 1.32rem; font-family: Calibri, sans-serif;\"><span style=\"font-size: 1.32rem; font-family: Calibri, sans-serif;\">\u00a0da utilizzare in alternativa al pannello di controllo e alla chiave originale. La pulsantiera \u00e8 posizionata nella parte inferiore del cruscotto e attiva il ciclo delle sospensioni o le mette in stand by (pulsante SERVICE).<br \/><br \/><\/span><\/span><\/span><\/span><\/li><li><span style=\"font-size: 1.32rem; font-family: Calibri, sans-serif;\"><span lang=\"it-IT\"><span style=\"font-weight: bold;\">Pulsante aggiuntivo<\/span><\/span><\/span><span style=\"font-size: 1.32rem; font-family: Calibri, sans-serif;\">\u00a0posizionato nel vano posteriore ed accessibile anche alla\u00a0<\/span><span style=\"font-size: 1.32rem; font-family: Calibri, sans-serif;\"><span style=\"font-size: 1.32rem; font-family: Calibri, sans-serif;\"><span style=\"font-size: 1.32rem; font-family: Calibri, sans-serif;\"><span style=\"font-size: 1.32rem; font-family: Calibri, sans-serif;\"><span style=\"font-size: 1.32rem; font-family: Calibri, sans-serif;\">persona in carrozzina, permette di aprire il portellone automaticamente.<br \/><br \/><\/span><\/span><\/span><\/span><\/span><\/li><li><span style=\"font-size: 1.32rem; font-family: Calibri, sans-serif;\"><span lang=\"it-IT\"><span style=\"font-weight: bold;\">Kit di gonfiaggio di emergenza\u00a0<\/span><\/span><\/span><span style=\"font-size: 1.32rem; font-family: Calibri, sans-serif;\"><span style=\"font-size: 1.32rem; font-family: Calibri, sans-serif;\"><span style=\"font-size: 1.32rem; font-family: Calibri, sans-serif;\"><span style=\"font-size: 1.32rem; font-family: Calibri, sans-serif;\"><span style=\"font-size: 1.32rem; font-family: Calibri, sans-serif;\">che permette di alzare manualmente le sospensioni della vettura fino all\u2019altezza ideale per la guida.<br \/><br \/><\/span><\/span><\/span><\/span><\/span><\/li><li><span style=\"font-size: 1.32rem; font-family: Calibri, sans-serif;\"><span lang=\"it-IT\"><span style=\"font-weight: bold;\">Apertura manuale<\/span><\/span><\/span><span style=\"font-size: 1.32rem; font-family: Calibri, sans-serif;\"><span style=\"font-size: 1.32rem; font-family: Calibri, sans-serif;\">\u00a0del portellone e della rampa in caso di emergenza.<\/span><\/span><\/li><\/ul><\/li><\/ul><\/li><\/ul><\/li><\/ul><ul style=\"padding-left: 15px; list-style: outside none disc;\"><li style=\"list-style-type: none;\"><ul style=\"padding-left: 15px; list-style: outside none disc;\"><li style=\"list-style-type: none;\"><ul style=\"padding-left: 15px; list-style: outside none disc;\"><li style=\"list-style-type: none;\">\u00a0<\/li><\/ul><\/li><\/ul><\/li><\/ul><ul style=\"padding-left: 15px; list-style: outside none disc;\"><li style=\"list-style-type: none;\"><ul style=\"padding-left: 15px; list-style: outside none disc;\"><li style=\"list-style-type: none;\"><ul style=\"padding-left: 15px; list-style: outside none disc;\"><li style=\"list-style-type: none;\"><ul style=\"padding-left: 15px; list-style: outside none disc;\"><li style=\"list-style-type: none;\">\u00a0<\/li><\/ul><\/li><\/ul><\/li><\/ul><\/li><\/ul><p style=\"font-size: 24px; margin-bottom: 1rem;\"><b>CONFIGURAZIONI POSSIBILI<\/b><\/p><p>Pu\u00f2 ospitare fino a 4 persone, di cui 2 sedute in carrozzina. Con un unico allestimento \u00e8 quindi possibile scegliere tra le diverse <span style=\"font-weight: bolder;\">configurazioni eventualmente intercambiabili all\u2019istante dal cliente:<\/span><\/p><p><img decoding=\"async\" class=\"aligncenter\" src=\"https:\/\/mobilityfreedom.it\/wp-content\/uploads\/2025\/12\/KMF-CREATIONS--e1764593616385.png\" alt=\"configurazioni kmf captur\" \/><\/p><ol><li style=\"list-style-type: none;\"><ol><li style=\"list-style-type: none;\"><ol><li style=\"list-style-type: none;\"><ol><li style=\"font-family: Calibri; font-size: 24px; margin-bottom: 0.5rem;\">Una carrozzina al posto guida e il sedile originale al posto passeggero anteriore<\/li><li style=\"font-family: Calibri; font-size: 24px; margin-bottom: 0.5rem;\">Una carrozzina al posto passeggero anteriore e il sedile originale al posto guida<\/li><li style=\"font-family: Calibri; font-size: 24px; margin-bottom: 0.5rem;\">Una carrozzina al posto guida e una carrozzina al posto passeggero anteriore<\/li><li style=\"font-family: Calibri; font-size: 24px; margin-bottom: 0.5rem;\">Sedile originale al posto guida e al posto passeggero anteriore.<\/li><li style=\"font-family: Calibri; font-size: 24px; margin-bottom: 0.3rem;\">6. 7.* e 8. \u00c8 sempre possibile ospitare una carrozzina nella parte posteriore della vettura ripiegando in verticale i sedili posteriori per non creare ingombro (*configurazione possibile se non si supera il limite di peso massimo consentito).<\/li><\/ol><\/li><\/ol><\/li><\/ol><\/li><\/ol><div>\u00a0<\/div><div>\u00a0<\/div><p style=\"font-size: 24px;\"><span style=\"font-size: 24px;\">\u00c8 sempre e comunque possibile utilizzare KMF Captur nella sua veste originale, senza il trasporto di alcuna carrozzina a bordo.<\/span><\/p><p style=\"font-size: 24px; margin-bottom: 1rem;\"><span style=\"font-size: 24px;\"><span style=\"font-weight: bolder;\">Omologazione<\/span><\/span><\/p><p style=\"font-size: 24px;\"><span style=\"font-size: 24px;\">La KMF Captur ha ottenuto l&#8217;<span style=\"font-weight: bolder;\">omologazione europea<\/span>\u00a0secondo il Regolamento 2018\/858\/UE superando tutti i test previsti (ancoraggi cinture di sicurezza, masse e dimensioni, livello sonoro, emissioni, serbatoio, frenatura, compatibilit\u00e0 elettromagnetica, rifiniture interne, ancoraggi sedili).<\/span><\/p><p style=\"font-size: 24px;\"><span style=\"font-size: 24px;\">Grazie a questa omologazione, in tutti i Paesi della Comunit\u00e0 Europea non \u00e8 necessario, in fase di immatricolazione, sottoporre la vettura a collaudo, ma \u00e8 sufficiente presentarsi all&#8217;Ufficio della Motorizzazione con il\u00a0<span style=\"font-weight: bolder;\">Certificato di Conformit\u00e0<\/span>\u00a0rilasciato da\u00a0<span style=\"font-weight: bolder;\">KMF,\u00a0<\/span>costruttore certificato da Renault per fase 2.<\/span><\/p><p style=\"font-size: 24px; margin-bottom: 1rem;\"><span style=\"font-size: 24px;\"><span style=\"font-weight: bolder;\">INFORMAZIONI UTILI:<\/span><\/span><\/p><p style=\"font-size: 24px;\"><span style=\"font-size: 24px;\"><span style=\"font-weight: bolder;\">La conversione da Renault Captur a KMF Captur per la guida e\/o trasporto in carrozzina \u00e8 esclusivamente effettuata dalla sede ufficiale di Kivi Mobility Freedom ad Asti. Per informazioni, curiosit\u00e0 o\u00a0<\/span><\/span><span style=\"font-weight: bold; font-family: Calibri, sans-serif;\">preventivo\u00a0chiamare al numero 0141-951668 oppure compilare il nostro form di\u00a0richiesta informazioni nella nostra pagina <a href=\"https:\/\/mobilityfreedom.it\/index.php\/contatti\/\">contatti<\/a><\/span><span style=\"font-weight: bolder; font-size: 24px;\">.<\/span><\/p><p style=\"font-size: 24px; margin-bottom: 1rem;\"><strong>Certificazioni e garanzia<\/strong><\/p><p style=\"font-size: 24px;\">La conversione di KMF Captur \u00e8 garantita 2 anni dalla data di fatturazione.<\/p><p style=\"font-size: 24px;\">Vuoi rimanere aggiornata\/a sulle principali novit\u00e0 dal mondo Kivi Mobility Freedom? Allora\u00a0<a style=\"font-family: Roboto, sans-serif; background-color: #ffffff; font-size: 16px;\" href=\"https:\/\/mobilityfreedom.it\/index.php\/15c42-web-agency-gb-news\/\" target=\"_blank\" rel=\"noopener\">visita la nostra sezione NEWS!<\/a><\/p>\t\t\t\t\t\t\t\t<\/div>\n\t\t\t\t<\/div>\n\t\t\t\t<\/div>\n\t\t\t\t<\/div>\n\t\t","protected":false},"excerpt":{"rendered":"<p>Renault KMF Captur CATALOGO KMF-CAPTUR 4 passeggeri, 2 carrozzine, 8 configurazioni in una sola vettura! Renault Captur, un\u2019auto elegante e spaziosa, trasformata per garantire autonomia, sicurezza e libert\u00e0. La trasformazione \u00e8 un mix di creativit\u00e0 e tecnologia, di praticit\u00e0 e bellezza. Scopri di pi\u00f9 Caratteristiche principali Pianale ribassato:\u00a0altezza interna di\u00a0142 cm, accesso facilitato in carrozzina. Apertura automatica:\u00a0portellone e rampa si aprono automaticamente con doppio click sulla chiave Renault originale. Le sospensioni si abbassano per agevolare l\u2019ingresso in vettura. Ancoraggio sicuro:\u00a0piastre per fissare la carrozzina e agganciare\/rimuovere rapidamente i sedili originali. Sedili ribaltabili posteriori:\u00a0permettono di ospitare 2 passeggeri o una carrozzina aggiuntiva. Pannello touch screen\u00a0che permette all\u2019utilizzatore di\u00a0gestire il cambio automatico, l\u2019apertura e chiusura del portellone e della rampa, la salita e discesa delle sospensioni, lo sgancio delle piastre di ancoraggio ed eventualmente anche altre funzioni, come ad esempio il poggiatesta. Pulsantiera a cavo aggiuntiva\u00a0da utilizzare in alternativa al pannello di controllo e alla chiave originale. La pulsantiera \u00e8 posizionata nella parte inferiore del cruscotto e attiva il ciclo delle sospensioni o le mette in stand by (pulsante SERVICE). Pulsante aggiuntivo\u00a0posizionato nel vano posteriore ed accessibile anche alla\u00a0persona in carrozzina, permette di aprire il portellone automaticamente. Kit di gonfiaggio di emergenza\u00a0che permette di alzare manualmente le sospensioni della vettura fino all\u2019altezza ideale per la guida. Apertura manuale\u00a0del portellone e della rampa in caso di emergenza. \u00a0 \u00a0 CONFIGURAZIONI POSSIBILI Pu\u00f2 ospitare fino a 4 persone, di cui 2 sedute in carrozzina. Con un unico allestimento \u00e8 quindi possibile scegliere tra le diverse configurazioni eventualmente intercambiabili all\u2019istante dal cliente: Una carrozzina al posto guida e il sedile originale al posto passeggero anteriore Una carrozzina al posto passeggero anteriore e il sedile originale al posto guida Una carrozzina al posto guida e una carrozzina al posto passeggero anteriore Sedile originale al posto guida e al posto passeggero anteriore. 6. 7.* e 8. \u00c8 sempre possibile ospitare una carrozzina nella parte posteriore della vettura ripiegando in verticale i sedili posteriori per non creare ingombro (*configurazione possibile se non si supera il limite di peso massimo consentito). \u00a0\u00a0 \u00c8 sempre e comunque possibile utilizzare KMF Captur nella sua veste originale, senza il trasporto di alcuna carrozzina a bordo. Omologazione La KMF Captur ha ottenuto l&#8217;omologazione europea\u00a0secondo il Regolamento 2018\/858\/UE superando tutti i test previsti (ancoraggi cinture di sicurezza, masse e dimensioni, livello sonoro, emissioni, serbatoio, frenatura, compatibilit\u00e0 elettromagnetica, rifiniture interne, ancoraggi sedili). Grazie a questa omologazione, in tutti i Paesi della Comunit\u00e0 Europea non \u00e8 necessario, in fase di immatricolazione, sottoporre la vettura a collaudo, ma \u00e8 sufficiente presentarsi all&#8217;Ufficio della Motorizzazione con il\u00a0Certificato di Conformit\u00e0\u00a0rilasciato da\u00a0KMF,\u00a0costruttore certificato da Renault per fase 2. INFORMAZIONI UTILI: La conversione da Renault Captur a KMF Captur per la guida e\/o trasporto in carrozzina \u00e8 esclusivamente effettuata dalla sede ufficiale di Kivi Mobility Freedom ad Asti. Per informazioni, curiosit\u00e0 o\u00a0preventivo\u00a0chiamare al numero 0141-951668 oppure compilare il nostro form di\u00a0richiesta informazioni nella nostra pagina contatti. Certificazioni e garanzia La conversione di KMF Captur \u00e8 garantita 2 anni dalla data di fatturazione. Vuoi rimanere aggiornata\/a sulle principali novit\u00e0 dal mondo Kivi Mobility Freedom? Allora\u00a0visita la nostra sezione NEWS!<\/p>\n","protected":false},"author":3,"featured_media":1750,"comment_status":"closed","ping_status":"closed","sticky":false,"template":"elementor_header_footer","format":"standard","meta":{"neve_meta_sidebar":"","neve_meta_container":"","neve_meta_enable_content_width":"","neve_meta_content_width":0,"neve_meta_title_alignment":"","neve_meta_author_avatar":"","neve_post_elements_order":"","neve_meta_disable_header":"","neve_meta_disable_footer":"","neve_meta_disable_title":"","footnotes":""},"categories":[9],"tags":[],"class_list":["post-1744","post","type-post","status-publish","format-standard","has-post-thumbnail","hentry","category-guida-in-carrozzina"],"rttpg_featured_image_url":{"full":["https:\/\/mobilityfreedom.it\/wp-content\/uploads\/2025\/03\/captur-3.png",2400,1594,false],"landscape":["https:\/\/mobilityfreedom.it\/wp-content\/uploads\/2025\/03\/captur-3.png",2400,1594,false],"portraits":["https:\/\/mobilityfreedom.it\/wp-content\/uploads\/2025\/03\/captur-3.png",2400,1594,false],"thumbnail":["https:\/\/mobilityfreedom.it\/wp-content\/uploads\/2025\/03\/captur-3-150x150.png",150,150,true],"medium":["https:\/\/mobilityfreedom.it\/wp-content\/uploads\/2025\/03\/captur-3-300x199.png",300,199,true],"large":["https:\/\/mobilityfreedom.it\/wp-content\/uploads\/2025\/03\/captur-3-1024x680.png",1024,680,true],"1536x1536":["https:\/\/mobilityfreedom.it\/wp-content\/uploads\/2025\/03\/captur-3-1536x1020.png",1536,1020,true],"2048x2048":["https:\/\/mobilityfreedom.it\/wp-content\/uploads\/2025\/03\/captur-3-2048x1360.png",2048,1360,true],"htmega_size_585x295":["https:\/\/mobilityfreedom.it\/wp-content\/uploads\/2025\/03\/captur-3-585x295.png",585,295,true],"htmega_size_1170x536":["https:\/\/mobilityfreedom.it\/wp-content\/uploads\/2025\/03\/captur-3-1170x536.png",1170,536,true],"htmega_size_396x360":["https:\/\/mobilityfreedom.it\/wp-content\/uploads\/2025\/03\/captur-3-396x360.png",396,360,true],"neve-blog":["https:\/\/mobilityfreedom.it\/wp-content\/uploads\/2025\/03\/captur-3-930x620.png",930,620,true]},"rttpg_author":{"display_name":"Kivi Mobility Freedom","author_link":"https:\/\/mobilityfreedom.it\/index.php\/author\/federica\/"},"rttpg_comment":0,"rttpg_category":"<a href=\"https:\/\/mobilityfreedom.it\/index.php\/category\/guida-in-carrozzina\/\" rel=\"category tag\">Guida in carrozzina<\/a>","rttpg_excerpt":"Renault KMF Captur CATALOGO KMF-CAPTUR 4 passeggeri, 2 carrozzine, 8 configurazioni in una sola vettura! Renault Captur, un\u2019auto elegante e spaziosa, trasformata per garantire autonomia, sicurezza e libert\u00e0. La trasformazione \u00e8 un mix di creativit\u00e0 e tecnologia, di praticit\u00e0 e bellezza. Scopri di pi\u00f9 Caratteristiche principali Pianale ribassato:\u00a0altezza interna di\u00a0142 cm, accesso facilitato in carrozzina.&hellip;","_links":{"self":[{"href":"https:\/\/mobilityfreedom.it\/index.php\/wp-json\/wp\/v2\/posts\/1744","targetHints":{"allow":["GET"]}}],"collection":[{"href":"https:\/\/mobilityfreedom.it\/index.php\/wp-json\/wp\/v2\/posts"}],"about":[{"href":"https:\/\/mobilityfreedom.it\/index.php\/wp-json\/wp\/v2\/types\/post"}],"author":[{"embeddable":true,"href":"https:\/\/mobilityfreedom.it\/index.php\/wp-json\/wp\/v2\/users\/3"}],"replies":[{"embeddable":true,"href":"https:\/\/mobilityfreedom.it\/index.php\/wp-json\/wp\/v2\/comments?post=1744"}],"version-history":[{"count":552,"href":"https:\/\/mobilityfreedom.it\/index.php\/wp-json\/wp\/v2\/posts\/1744\/revisions"}],"predecessor-version":[{"id":5650,"href":"https:\/\/mobilityfreedom.it\/index.php\/wp-json\/wp\/v2\/posts\/1744\/revisions\/5650"}],"wp:featuredmedia":[{"embeddable":true,"href":"https:\/\/mobilityfreedom.it\/index.php\/wp-json\/wp\/v2\/media\/1750"}],"wp:attachment":[{"href":"https:\/\/mobilityfreedom.it\/index.php\/wp-json\/wp\/v2\/media?parent=1744"}],"wp:term":[{"taxonomy":"category","embeddable":true,"href":"https:\/\/mobilityfreedom.it\/index.php\/wp-json\/wp\/v2\/categories?post=1744"},{"taxonomy":"post_tag","embeddable":true,"href":"https:\/\/mobilityfreedom.it\/index.php\/wp-json\/wp\/v2\/tags?post=1744"}],"curies":[{"name":"wp","href":"https:\/\/api.w.org\/{rel}","templated":true}]}}